{"id":7434,"date":"2023-03-02T14:30:29","date_gmt":"2023-03-02T14:30:29","guid":{"rendered":"http:\/\/jsdacores.pt\/front\/?p=7434"},"modified":"2023-03-10T11:49:51","modified_gmt":"2023-03-10T11:49:51","slug":"jsd-acores-defende-implementacao-do-orcamento-participativo-jovem-em-todos-os-municipios-da-regiao","status":"publish","type":"post","link":"http:\/\/jsdacores.pt\/front\/news\/jsd-acores-defende-implementacao-do-orcamento-participativo-jovem-em-todos-os-municipios-da-regiao\/","title":{"rendered":"JSD\/A\u00e7ores defende implementa\u00e7\u00e3o do Or\u00e7amento Participativo Jovem em todos os munic\u00edpios da regi\u00e3o"},"content":{"rendered":"<p>Na passada quarta-feira, Lu\u00eds Raposo, presidente da JSD dos A\u00e7ores participou numa confer\u00eancia sobre \u201cA import\u00e2ncia de uma estrutura de juventude partid\u00e1ria num concelho\u201d, promovida pela Associa\u00e7\u00e3o de Estudantes da Escola Armando Cort\u00eas Rodrigues, em Vila Franca do Campo.<\/p>\n<p>Durante o evento, o jovem social democrata afirmou que \u201cas associa\u00e7\u00f5es de estudantes s\u00e3o verdadeiras agentes democr\u00e1ticos junto da comunidade escolar e podem almejar um melhor contexto de ensino para todos, desde os docentes aos alunos, sem descorar de todos os auxiliares de ensino, que garantem o bom funcionamento das escolas\u201d.<\/p>\n<p>Para Lu\u00eds Raposo, \u201ctodos as C\u00e2maras Municipais da Regi\u00e3o devem implementar o or\u00e7amento participativo jovem nos seus concelhos, permitindo assim aos jovens, aos movimentos sociais e culturais, \u00e0s associa\u00e7\u00f5es, apresentarem projetos que promovam o desenvolvimento dos mesmos\u201d, disse.<\/p>\n<p>O Presidente da JSD A\u00e7ores lembra que \u201co Or\u00e7amento Participativo Jovem (OPJ) \u00e9 um processo de participa\u00e7\u00e3o democr\u00e1tica no \u00e2mbito do qual os\/as cidad\u00e3os\/cidad\u00e3s com idades entre os 14 e os 30 (alguns at\u00e9 35, jovens no geral) anos, inclusive, podem apresentar e decidir projetos de investimento p\u00fablico\u201d.<\/p>\n<p>Raposo diz que \u201cos OPJ s\u00e3o processos que visam a promo\u00e7\u00e3o da participa\u00e7\u00e3o c\u00edvica dos mais novos na elabora\u00e7\u00e3o do or\u00e7amento municipal, no que respeita \u00e0s pol\u00edticas p\u00fablicas para a juventude, estreitando a liga\u00e7\u00e3o entre a autarquia e os jovens e, com isso, refor\u00e7ando os mecanismos que permitam adequar as pol\u00edticas p\u00fablicas municipais \u00e0s reais necessidades dos mesmos, melhorando assim a qualidade da democracia concelhia, atrav\u00e9s da valoriza\u00e7\u00e3o dos processos participativos, e da transpar\u00eancia nas decis\u00f5es e a responsabilidade na presta\u00e7\u00e3o de contas\u201d.<\/p>\n<p>Tamb\u00e9m, o l\u00edder da comiss\u00e3o pol\u00edtica regional apelou novamente \u201cao cumprimento dos Conselhos Municipais de Juventude, obrigat\u00f3rios por lei\u201d e que seria oportuno \u201ccriar um regime sancionat\u00f3rio por falta de cumprimento dos CMJ, evitando-se assim que as autarquias da Regi\u00e3o descuram esta reuni\u00e3o de participa\u00e7\u00e3o c\u00edvica e pol\u00edtica dos jovens\u201d.<\/p>\n<p>A JSD A\u00e7ores acredita que \u00e9 desta forma que podemos fomentar e incentivar cada vez mais a participa\u00e7\u00e3o dos jovens nas decis\u00f5es democr\u00e1ticas, bem como alcan\u00e7ar uma melhor defini\u00e7\u00e3o das pol\u00edticas de juventude.<\/p>\n<p>&nbsp;<\/p>\n","protected":false},"excerpt":{"rendered":"<p>Na passada quarta-feira, Lu\u00eds Raposo, presidente da JSD dos A\u00e7ores participou numa confer\u00eancia sobre \u201cA import\u00e2ncia de uma estrutura de juventude partid\u00e1ria num concelho\u201d, promovida pela<span class=\"excerpt-hellip\"> [\u2026]<\/span><\/p>\n","protected":false},"author":1,"featured_media":7435,"comment_status":"open","ping_status":"open","sticky":false,"template":"","format":"standard","meta":{"spay_email":"","footnotes":"","jetpack_publicize_message":"","jetpack_is_tweetstorm":false,"jetpack_publicize_feature_enabled":true},"categories":[19,28,11],"tags":[],"class_list":["post-7434","post","type-post","status-publish","format-standard","has-post-thumbnail","hentry","category-agenda","category-destaque","category-news"],"jetpack_featured_media_url":"https:\/\/i0.wp.com\/jsdacores.pt\/front\/wp-content\/uploads\/2023\/03\/Imagem-WhatsApp-2023-03-01-as-14.37.45.jpg?fit=799%2C600","jetpack_publicize_connections":[],"jetpack_sharing_enabled":true,"jetpack_shortlink":"https:\/\/wp.me\/p8wvZV-1VU","_links":{"self":[{"href":"http:\/\/jsdacores.pt\/front\/wp-json\/wp\/v2\/posts\/7434","targetHints":{"allow":["GET"]}}],"collection":[{"href":"http:\/\/jsdacores.pt\/front\/wp-json\/wp\/v2\/posts"}],"about":[{"href":"http:\/\/jsdacores.pt\/front\/wp-json\/wp\/v2\/types\/post"}],"author":[{"embeddable":true,"href":"http:\/\/jsdacores.pt\/front\/wp-json\/wp\/v2\/users\/1"}],"replies":[{"embeddable":true,"href":"http:\/\/jsdacores.pt\/front\/wp-json\/wp\/v2\/comments?post=7434"}],"version-history":[{"count":3,"href":"http:\/\/jsdacores.pt\/front\/wp-json\/wp\/v2\/posts\/7434\/revisions"}],"predecessor-version":[{"id":7443,"href":"http:\/\/jsdacores.pt\/front\/wp-json\/wp\/v2\/posts\/7434\/revisions\/7443"}],"wp:featuredmedia":[{"embeddable":true,"href":"http:\/\/jsdacores.pt\/front\/wp-json\/wp\/v2\/media\/7435"}],"wp:attachment":[{"href":"http:\/\/jsdacores.pt\/front\/wp-json\/wp\/v2\/media?parent=7434"}],"wp:term":[{"taxonomy":"category","embeddable":true,"href":"http:\/\/jsdacores.pt\/front\/wp-json\/wp\/v2\/categories?post=7434"},{"taxonomy":"post_tag","embeddable":true,"href":"http:\/\/jsdacores.pt\/front\/wp-json\/wp\/v2\/tags?post=7434"}],"curies":[{"name":"wp","href":"https:\/\/api.w.org\/{rel}","templated":true}]}}