{"id":7439,"date":"2023-03-10T11:47:49","date_gmt":"2023-03-10T11:47:49","guid":{"rendered":"http:\/\/jsdacores.pt\/front\/?p=7439"},"modified":"2023-03-10T11:50:17","modified_gmt":"2023-03-10T11:50:17","slug":"jsd-acores-com-voz-ativa-na-defesa-dos-direitos-das-mulheres-e-da-igualdade-de-genero","status":"publish","type":"post","link":"http:\/\/jsdacores.pt\/front\/news\/jsd-acores-com-voz-ativa-na-defesa-dos-direitos-das-mulheres-e-da-igualdade-de-genero\/","title":{"rendered":"JSD\/A\u00e7ores com voz ativa na defesa dos direitos das mulheres e da igualdade de g\u00e9nero"},"content":{"rendered":"<div id=\"v1m_-5860032612583861156replybody1\">\n<div dir=\"ltr\">\n<p>A vice-presidente da JSD\/A\u00e7ores Carlota Ferro assumiu esta semana que aquela organiza\u00e7\u00e3o de juventude quer ter uma voz ativa na defesa dos direitos das mulheres e da igualdade de g\u00e9nero.<\/p>\n<\/div>\n<\/div>\n<div id=\"v1m_-5860032612583861156replybody1\">\n<div dir=\"ltr\">\n<p>A dirigente falava durante a tert\u00falia &#8220;6\u00ba Sentido: Dia Internacional da Mulher&#8221;, que decorreu na sede do PSD\/A\u00e7ores, e que teve como oradores a Reitora da Universidade dos A\u00e7ores, Susana Miral Leal, a psic\u00f3loga Nicole Healion e a deputada na Assembleia Municipal de Ponta Delgada F\u00e1tima Moreira.<\/p>\n<p>A jovem social-democrata sublinhou que o combate \u00e0 viol\u00eancia contra as mulheres e a constru\u00e7\u00e3o de uma sociedade justa e sem discrimina\u00e7\u00e3o &#8220;t\u00eam de come\u00e7ar por nos mais jovens&#8221;.<\/p>\n<p>&#8220;Apesar da crescente sensibiliza\u00e7\u00e3o, a viol\u00eancia contra a mulher continua a ser um flagelo da atualidade em Portugal&#8221;, disse Carlota Ferro, numa data &#8220;em que celebramos o caminho percorrido pelos direitos das mulheres que lutaram e que lutam diariamente por uma sociedade mais equitativa&#8221;.<\/p>\n<p>Lembrando a &#8220;tend\u00eancia crescente&#8221; do n\u00famero de queixas por viol\u00eancia no namoro e de v\u00edtimas de viol\u00eancia dom\u00e9stica, a jovem social-democrata considerou que &#8220;a nossa sociedade s\u00f3 ser\u00e1 efetivamente justa quando estes n\u00fameros forem zero&#8221;.<\/p>\n<p>Como tal, a JSD\/A\u00e7ores compromete-se &#8220;a ser parte integrante da solu\u00e7\u00e3o, consciencializada de que os resultados ser\u00e3o atingidos a m\u00e9dio\/longo prazo&#8221;, pelo que vai &#8220;liderar campanhas de sensibiliza\u00e7\u00e3o nas escolas sobre a viol\u00eancia no namoro, viol\u00eancia dom\u00e9stica e viol\u00eancia f\u00edsica nos recintos escolares&#8221;.<\/p>\n<p>Assim como promover &#8220;equipas multidisciplinares, que possam desenvolver trabalhos de acompanhamento \u00e0s v\u00edtimas, mas tamb\u00e9m aos agressores&#8221; e &#8220;definir planos de acompanhamento para crian\u00e7as e jovens que foram expostos a estas situa\u00e7\u00f5es, para que se amenize a influ\u00eancia que possa vir a ter nos seus projetos de vida&#8221;.<\/p>\n<\/div>\n<\/div>\n<div id=\"v1m_-5860032612583861156replybody1\">\n<div dir=\"ltr\">\n<p>&#8220;O combate a estes problemas revela-se igualmente vital, como agente cr\u00edtico para o progresso social, pondo fim \u00e0s desigualdades e assimetrias, e contribuindo ativamente para a melhoria da qualidade de vida da popula\u00e7\u00e3o residente nos A\u00e7ores&#8221;, concluiu.<\/p>\n<\/div>\n<\/div>\n","protected":false},"excerpt":{"rendered":"<p>A vice-presidente da JSD\/A\u00e7ores Carlota Ferro assumiu esta semana que aquela organiza\u00e7\u00e3o de juventude quer ter uma voz ativa na defesa dos direitos das mulheres e<span class=\"excerpt-hellip\"> [\u2026]<\/span><\/p>\n","protected":false},"author":1,"featured_media":7407,"comment_status":"open","ping_status":"open","sticky":false,"template":"","format":"standard","meta":{"spay_email":"","footnotes":"","jetpack_publicize_message":"","jetpack_is_tweetstorm":false,"jetpack_publicize_feature_enabled":true},"categories":[19,28,11],"tags":[],"class_list":["post-7439","post","type-post","status-publish","format-standard","has-post-thumbnail","hentry","category-agenda","category-destaque","category-news"],"jetpack_featured_media_url":"https:\/\/i0.wp.com\/jsdacores.pt\/front\/wp-content\/uploads\/2023\/02\/2023-02-12_Hugo_Moreira_HM1_0587-scaled.jpg?fit=2560%2C1707","jetpack_publicize_connections":[],"jetpack_sharing_enabled":true,"jetpack_shortlink":"https:\/\/wp.me\/p8wvZV-1VZ","_links":{"self":[{"href":"http:\/\/jsdacores.pt\/front\/wp-json\/wp\/v2\/posts\/7439","targetHints":{"allow":["GET"]}}],"collection":[{"href":"http:\/\/jsdacores.pt\/front\/wp-json\/wp\/v2\/posts"}],"about":[{"href":"http:\/\/jsdacores.pt\/front\/wp-json\/wp\/v2\/types\/post"}],"author":[{"embeddable":true,"href":"http:\/\/jsdacores.pt\/front\/wp-json\/wp\/v2\/users\/1"}],"replies":[{"embeddable":true,"href":"http:\/\/jsdacores.pt\/front\/wp-json\/wp\/v2\/comments?post=7439"}],"version-history":[{"count":2,"href":"http:\/\/jsdacores.pt\/front\/wp-json\/wp\/v2\/posts\/7439\/revisions"}],"predecessor-version":[{"id":7441,"href":"http:\/\/jsdacores.pt\/front\/wp-json\/wp\/v2\/posts\/7439\/revisions\/7441"}],"wp:featuredmedia":[{"embeddable":true,"href":"http:\/\/jsdacores.pt\/front\/wp-json\/wp\/v2\/media\/7407"}],"wp:attachment":[{"href":"http:\/\/jsdacores.pt\/front\/wp-json\/wp\/v2\/media?parent=7439"}],"wp:term":[{"taxonomy":"category","embeddable":true,"href":"http:\/\/jsdacores.pt\/front\/wp-json\/wp\/v2\/categories?post=7439"},{"taxonomy":"post_tag","embeddable":true,"href":"http:\/\/jsdacores.pt\/front\/wp-json\/wp\/v2\/tags?post=7439"}],"curies":[{"name":"wp","href":"https:\/\/api.w.org\/{rel}","templated":true}]}}