{"id":7445,"date":"2023-03-18T21:01:18","date_gmt":"2023-03-18T21:01:18","guid":{"rendered":"http:\/\/jsdacores.pt\/front\/?p=7445"},"modified":"2023-03-18T21:01:18","modified_gmt":"2023-03-18T21:01:18","slug":"jsd-acores-congratula-governo-dos-acores-pelo-novo-programa-aect","status":"publish","type":"post","link":"http:\/\/jsdacores.pt\/front\/news\/jsd-acores-congratula-governo-dos-acores-pelo-novo-programa-aect\/","title":{"rendered":"JSD\/A\u00e7ores congratula Governo dos A\u00e7ores pelo novo programa AECT"},"content":{"rendered":"<p>A Juventude Social Democrata dos A\u00e7ores congratula o Governo Regional dos A\u00e7ores pelo novo programa de apoio ao empreendedorismo, criatividade e talento jovem (AECT), promovido pela Dire\u00e7\u00e3o Regional da Juventude, que visa o aumento significativo do incentivo, apoio e investimento da Regi\u00e3o aos jovens empreendedores a\u00e7orianos.<\/p>\n<p>Para a Comiss\u00e3o Pol\u00edtica Regional da JSD A\u00e7ores, \u201cesta \u00e9 mais uma prova do Governo Regional que coloca a juventude e os seus desafios na agenda de atua\u00e7\u00e3o dos A\u00e7ores e que n\u00e3o adia o futuro dos mais jovens das 9 ilhas.\u201d<\/p>\n<p>\u201c\u00c9 com enorme satisfa\u00e7\u00e3o que assistimos a mais um largo e importante passo para a juventude a\u00e7oriana, investimento em ferramentas e financiamento para desenvolverem as suas ideias e propostas, que almejam o desenvolvimento da Regi\u00e3o\u201d, afirmam os jovens social democratas.<\/p>\n<p>Para a jovem dire\u00e7\u00e3o, \u201caproveitar a capacita\u00e7\u00e3o pessoal e profissional dos jovens a\u00e7orianos \u00e9 primordial e aproveitar a sua participa\u00e7\u00e3o c\u00edvica e democr\u00e1tica imprescind\u00edvel\u201d. Acrescentam que \u201ceste novo programa \u00e9 tamb\u00e9m uma pol\u00edtica social e de fixa\u00e7\u00e3o de jovens nas nossas ilhas, a oportunidade de criarem e inovarem, de desenvolvimento e sustentabilidade, de participa\u00e7\u00e3o e forma\u00e7\u00e3o, sem descorar da sua promo\u00e7\u00e3o\u201d.<\/p>\n<p>A Juventude Social Democrata dos A\u00e7ores defende o lan\u00e7amento de concursos de empreendedorismo com o intuito de resolver os desafios dos v\u00e1rios munic\u00edpios dos A\u00e7ores, fazendo tamb\u00e9m maior proveito dos nossos parques de ci\u00eancia e tecnologia, nomeadamente o NONAGON, localizado na ilha de S\u00e3o Miguel e o TERINOV, localizado na ilha Terceira. Podendo ser colocado em pr\u00e1tica a cria\u00e7\u00e3o de val\u00eancias destes parques nas restantes ilhas a\u00e7orianas.<\/p>\n<p>As pol\u00edticas de juventude s\u00e3o deveras determinantes para a nossa Regi\u00e3o, que se quer livre, de participa\u00e7\u00e3o e acima de progresso. Os jovens a\u00e7orianos podem idealizar e concretizar\u00a0nos\u00a0A\u00e7ores.<\/p>\n","protected":false},"excerpt":{"rendered":"<p>A Juventude Social Democrata dos A\u00e7ores congratula o Governo Regional dos A\u00e7ores pelo novo programa de apoio ao empreendedorismo, criatividade e talento jovem (AECT), promovido pela<span class=\"excerpt-hellip\"> [\u2026]<\/span><\/p>\n","protected":false},"author":1,"featured_media":7446,"comment_status":"open","ping_status":"open","sticky":false,"template":"","format":"standard","meta":{"spay_email":"","footnotes":"","jetpack_publicize_message":"","jetpack_is_tweetstorm":false,"jetpack_publicize_feature_enabled":true},"categories":[28,11],"tags":[],"class_list":["post-7445","post","type-post","status-publish","format-standard","has-post-thumbnail","hentry","category-destaque","category-news"],"jetpack_featured_media_url":"https:\/\/i0.wp.com\/jsdacores.pt\/front\/wp-content\/uploads\/2023\/03\/2023-02-12_Hugo_Moreira_HM1_9752-scaled.jpg?fit=2560%2C1707","jetpack_publicize_connections":[],"jetpack_sharing_enabled":true,"jetpack_shortlink":"https:\/\/wp.me\/p8wvZV-1W5","_links":{"self":[{"href":"http:\/\/jsdacores.pt\/front\/wp-json\/wp\/v2\/posts\/7445","targetHints":{"allow":["GET"]}}],"collection":[{"href":"http:\/\/jsdacores.pt\/front\/wp-json\/wp\/v2\/posts"}],"about":[{"href":"http:\/\/jsdacores.pt\/front\/wp-json\/wp\/v2\/types\/post"}],"author":[{"embeddable":true,"href":"http:\/\/jsdacores.pt\/front\/wp-json\/wp\/v2\/users\/1"}],"replies":[{"embeddable":true,"href":"http:\/\/jsdacores.pt\/front\/wp-json\/wp\/v2\/comments?post=7445"}],"version-history":[{"count":1,"href":"http:\/\/jsdacores.pt\/front\/wp-json\/wp\/v2\/posts\/7445\/revisions"}],"predecessor-version":[{"id":7447,"href":"http:\/\/jsdacores.pt\/front\/wp-json\/wp\/v2\/posts\/7445\/revisions\/7447"}],"wp:featuredmedia":[{"embeddable":true,"href":"http:\/\/jsdacores.pt\/front\/wp-json\/wp\/v2\/media\/7446"}],"wp:attachment":[{"href":"http:\/\/jsdacores.pt\/front\/wp-json\/wp\/v2\/media?parent=7445"}],"wp:term":[{"taxonomy":"category","embeddable":true,"href":"http:\/\/jsdacores.pt\/front\/wp-json\/wp\/v2\/categories?post=7445"},{"taxonomy":"post_tag","embeddable":true,"href":"http:\/\/jsdacores.pt\/front\/wp-json\/wp\/v2\/tags?post=7445"}],"curies":[{"name":"wp","href":"https:\/\/api.w.org\/{rel}","templated":true}]}}