{"id":7516,"date":"2023-08-30T15:37:36","date_gmt":"2023-08-30T15:37:36","guid":{"rendered":"http:\/\/jsdacores.pt\/front\/?p=7516"},"modified":"2023-11-02T15:41:18","modified_gmt":"2023-11-02T15:41:18","slug":"uv-acores-regressa-em-2023-para-sua-decima-edicao-2","status":"publish","type":"post","link":"http:\/\/jsdacores.pt\/front\/news\/uv-acores-regressa-em-2023-para-sua-decima-edicao-2\/","title":{"rendered":"UV A\u00e7ores de regresso para a sua d\u00e9cima edi\u00e7\u00e3o"},"content":{"rendered":"<p><strong>A 10\u00aa edi\u00e7\u00e3o da Universidade de Ver\u00e3o da JSD\/A\u00e7ores e do PSD\/A\u00e7ores tem in\u00edcio esta quinta-feira (dia 31), nas Flores e no Corvo, apresentando \u201cA pr\u00f3xima d\u00e9cada nos A\u00e7ores\u201d como tema central, e juntando 30 jovens de todo o arquip\u00e9lago at\u00e9 ao pr\u00f3ximo domingo (3 de setembro).<\/strong><\/p>\n<p>Segundo o l\u00edder da JSD\/A\u00e7ores, Lu\u00eds Raposo, \u201ctrata-se de reunir, pela d\u00e9cima vez, a maior escola de forma\u00e7\u00e3o pol\u00edtica e c\u00edvica da Regi\u00e3o, este ano dando especial import\u00e2ncia \u00e0 descentraliza\u00e7\u00e3o, porquanto estaremos nas ilhas do Grupo Ocidental, Flores e Corvo, decorrendo os trabalhos em ambas e destacando a sua simbiose\u201d, afirmou.<\/p>\n<p>A 10\u00aa Universidade de Ver\u00e3o vai abordar a pr\u00f3xima d\u00e9cada nos A\u00e7ores, \u201cvisando \u00e1reas como o aprofundamento das autonomias, a fixa\u00e7\u00e3o dos jovens e a demografia, a ci\u00eancia e a tecnologia, a sa\u00fade e o desporto, o turismo e o desenvolvimento sustent\u00e1vel, os transportes e a mobilidade, bem como as Regi\u00f5es Ultraperif\u00e9ricas e a Europa\u201d, referiu.<\/p>\n<p>Para o l\u00edder dos jovens social-democratas a\u00e7orianos, \u201cv\u00e3o ser tr\u00eas dias importantes de forma\u00e7\u00e3o, de reflex\u00e3o pol\u00edtica, de partilha e de conv\u00edvio, juntando os 30 jovens que frequentar\u00e3o a Universidade de Ver\u00e3o, recordando que a mesma percorreu at\u00e9 hoje sete ilhas dos A\u00e7ores, e que atingir\u00e1 um total de 300 formandos no Grupo Ocidental, passando assim por toda a regi\u00e3o\u201d, destacou.<\/p>\n<p>A assinalar a 10\u00aa edi\u00e7\u00e3o v\u00e3o ser homenageados os presidentes fundadores daquele evento, e que ser\u00e3o reitores do mesmo, no caso Duarte Freitas, ex-presidente do PSD\/A\u00e7ores, e Cl\u00e1udio Almeida, ex-presidente da JSD\/A\u00e7ores, que lideravam aquelas estruturas em 2014.<\/p>\n<p>Entre os oradores convidados estar\u00e3o Ricardo Batista Leite, ex-deputado da Assembleia da Rep\u00fablica e m\u00e9dico; Berta Cabral, ex-l\u00edder do PSD\/A\u00e7ores; Diana Duarte, jornalista; Jo\u00e3o Bruto da Costa, l\u00edder do Grupo Parlamentar do PSD\/A\u00e7ores na Assembleia Legislativa da Regi\u00e3o Aut\u00f3noma dos A\u00e7ores; Paulo Nascimento Cabral, membro da CPR do PSD\/A\u00e7ores; Bruno Belo, dirigente do PSD\/A\u00e7ores; Maur\u00edcio Toledo, presidente da Associa\u00e7\u00e3o de Futebol de Angra do Hero\u00edsmo; Jo\u00e3o Moniz, vereador da C\u00e2mara Municipal da Ribeira Grande com o pelouro da Habita\u00e7\u00e3o; Marco Andrade, da empresa Sustain Azores; e S\u00edlvio Gon\u00e7alves, empreendedor da Aldeia da Cuada.<\/p>\n","protected":false},"excerpt":{"rendered":"<p>A 10\u00aa edi\u00e7\u00e3o da Universidade de Ver\u00e3o da JSD\/A\u00e7ores e do PSD\/A\u00e7ores tem in\u00edcio esta quinta-feira (dia 31), nas Flores e no Corvo, apresentando \u201cA pr\u00f3xima<span class=\"excerpt-hellip\"> [\u2026]<\/span><\/p>\n","protected":false},"author":1,"featured_media":7528,"comment_status":"open","ping_status":"open","sticky":false,"template":"","format":"image","meta":{"spay_email":"","footnotes":"","jetpack_publicize_message":"","jetpack_is_tweetstorm":false,"jetpack_publicize_feature_enabled":true},"categories":[28,11,22],"tags":[],"class_list":["post-7516","post","type-post","status-publish","format-image","has-post-thumbnail","hentry","category-destaque","category-news","category-uv-acores","post_format-post-format-image"],"jetpack_featured_media_url":"https:\/\/i0.wp.com\/jsdacores.pt\/front\/wp-content\/uploads\/2023\/08\/350513956_154131670884373_7834755647822197991_n.jpg?fit=1440%2C1440","jetpack_publicize_connections":[],"jetpack_sharing_enabled":true,"jetpack_shortlink":"https:\/\/wp.me\/p8wvZV-1Xe","_links":{"self":[{"href":"http:\/\/jsdacores.pt\/front\/wp-json\/wp\/v2\/posts\/7516","targetHints":{"allow":["GET"]}}],"collection":[{"href":"http:\/\/jsdacores.pt\/front\/wp-json\/wp\/v2\/posts"}],"about":[{"href":"http:\/\/jsdacores.pt\/front\/wp-json\/wp\/v2\/types\/post"}],"author":[{"embeddable":true,"href":"http:\/\/jsdacores.pt\/front\/wp-json\/wp\/v2\/users\/1"}],"replies":[{"embeddable":true,"href":"http:\/\/jsdacores.pt\/front\/wp-json\/wp\/v2\/comments?post=7516"}],"version-history":[{"count":1,"href":"http:\/\/jsdacores.pt\/front\/wp-json\/wp\/v2\/posts\/7516\/revisions"}],"predecessor-version":[{"id":7517,"href":"http:\/\/jsdacores.pt\/front\/wp-json\/wp\/v2\/posts\/7516\/revisions\/7517"}],"wp:featuredmedia":[{"embeddable":true,"href":"http:\/\/jsdacores.pt\/front\/wp-json\/wp\/v2\/media\/7528"}],"wp:attachment":[{"href":"http:\/\/jsdacores.pt\/front\/wp-json\/wp\/v2\/media?parent=7516"}],"wp:term":[{"taxonomy":"category","embeddable":true,"href":"http:\/\/jsdacores.pt\/front\/wp-json\/wp\/v2\/categories?post=7516"},{"taxonomy":"post_tag","embeddable":true,"href":"http:\/\/jsdacores.pt\/front\/wp-json\/wp\/v2\/tags?post=7516"}],"curies":[{"name":"wp","href":"https:\/\/api.w.org\/{rel}","templated":true}]}}