{"id":7523,"date":"2023-11-02T15:39:50","date_gmt":"2023-11-02T15:39:50","guid":{"rendered":"http:\/\/jsdacores.pt\/front\/?p=7523"},"modified":"2023-11-02T15:39:50","modified_gmt":"2023-11-02T15:39:50","slug":"cheque-psicologo","status":"publish","type":"post","link":"http:\/\/jsdacores.pt\/front\/news\/cheque-psicologo\/","title":{"rendered":"JSD\/A\u00c7ORES PROP\u00d5E CRIA\u00c7\u00c3O DE UM &#8220;CHEQUE PSIC\u00d3LOGO&#8221;"},"content":{"rendered":"<p><strong>A Comiss\u00e3o Pol\u00edtica Regional da JSD\/A\u00e7ores assinalou o Dia Mundial da Sa\u00fade Mental numa visita \u00e0 Unidade de Vida Apoiada Vila Az\u00e1lea, uma das val\u00eancias integradas no Centro Paroquial de S\u00e3o Jos\u00e9, do concelho de Ponta Delgada.<\/strong><\/p>\n<p>Na ocasi\u00e3o, a estrutura regional apresentou uma proposta que visa colmatar problemas relacionados com a sa\u00fade mental, tentando assim afirmar esta mat\u00e9ria como uma das prioridades da agenda pol\u00edtica dos dirigentes regionais.<\/p>\n<p>A proposta, denominada &#8220;Cheque Psic\u00f3logo&#8221;, visa a cria\u00e7\u00e3o de um mecanismo de financiamento de despesas dos utentes com a aquisi\u00e7\u00e3o de presta\u00e7\u00f5es de servi\u00e7os de sa\u00fade (consultas) na \u00e1rea da sa\u00fade mental, tanto no ramo da psicologia, como na \u00e1rea da psiquiatria.<\/p>\n<p>Estima-se um valor comparticipado por cada cheque atribu\u00eddo, sem n\u00famero m\u00e1ximo, tendo em conta as necessidades e caracter\u00edsticas deste tipo de consulta, quer seja no setor p\u00fablico, quer seja no setor privado atrav\u00e9s da cria\u00e7\u00e3o de protocolos.<\/p>\n<p>Al\u00e9m disso, ao oferecer aos utentes a possibilidade de terem consultas na \u00e1rea da sa\u00fade mental fora do Sistema Regional de Sa\u00fade, os jovens sociais democratas visam por um lado diminuir a sobrecarga do mesmo, bem como potenciar a diminui\u00e7\u00e3o do consumo de f\u00e1rmacos, o isolamento social ou at\u00e9 mesmo o suic\u00eddio.<\/p>\n<p>Ainda, a estrutura teve a oportunidade de visitar as instala\u00e7\u00f5es da institui\u00e7\u00e3o e confraternizar com as suas utentes.<\/p>\n<p>A UVAP-VA \u00e9 uma resposta social desenvolvida, em parceria com a Secretaria Regional da Solidariedade Social, que se destina a mulheres com moderado grau de incapacidade psicossocial por doen\u00e7a mental, clinicamente estabilizadas e sem suporte familiar ou social adequado.<\/p>\n<p>&nbsp;<\/p>\n","protected":false},"excerpt":{"rendered":"<p>A Comiss\u00e3o Pol\u00edtica Regional da JSD\/A\u00e7ores assinalou o Dia Mundial da Sa\u00fade Mental numa visita \u00e0 Unidade de Vida Apoiada Vila Az\u00e1lea, uma das val\u00eancias integradas<span class=\"excerpt-hellip\"> [\u2026]<\/span><\/p>\n","protected":false},"author":1,"featured_media":7524,"comment_status":"open","ping_status":"open","sticky":false,"template":"","format":"standard","meta":{"spay_email":"","footnotes":"","jetpack_publicize_message":"","jetpack_is_tweetstorm":false,"jetpack_publicize_feature_enabled":true},"categories":[19,21,28,11],"tags":[],"class_list":["post-7523","post","type-post","status-publish","format-standard","has-post-thumbnail","hentry","category-agenda","category-agenda-passada","category-destaque","category-news"],"jetpack_featured_media_url":"https:\/\/i0.wp.com\/jsdacores.pt\/front\/wp-content\/uploads\/2023\/11\/391677017_753546146811464_3725176324166166092_n.jpg?fit=960%2C720","jetpack_publicize_connections":[],"jetpack_sharing_enabled":true,"jetpack_shortlink":"https:\/\/wp.me\/p8wvZV-1Xl","_links":{"self":[{"href":"http:\/\/jsdacores.pt\/front\/wp-json\/wp\/v2\/posts\/7523","targetHints":{"allow":["GET"]}}],"collection":[{"href":"http:\/\/jsdacores.pt\/front\/wp-json\/wp\/v2\/posts"}],"about":[{"href":"http:\/\/jsdacores.pt\/front\/wp-json\/wp\/v2\/types\/post"}],"author":[{"embeddable":true,"href":"http:\/\/jsdacores.pt\/front\/wp-json\/wp\/v2\/users\/1"}],"replies":[{"embeddable":true,"href":"http:\/\/jsdacores.pt\/front\/wp-json\/wp\/v2\/comments?post=7523"}],"version-history":[{"count":3,"href":"http:\/\/jsdacores.pt\/front\/wp-json\/wp\/v2\/posts\/7523\/revisions"}],"predecessor-version":[{"id":7527,"href":"http:\/\/jsdacores.pt\/front\/wp-json\/wp\/v2\/posts\/7523\/revisions\/7527"}],"wp:featuredmedia":[{"embeddable":true,"href":"http:\/\/jsdacores.pt\/front\/wp-json\/wp\/v2\/media\/7524"}],"wp:attachment":[{"href":"http:\/\/jsdacores.pt\/front\/wp-json\/wp\/v2\/media?parent=7523"}],"wp:term":[{"taxonomy":"category","embeddable":true,"href":"http:\/\/jsdacores.pt\/front\/wp-json\/wp\/v2\/categories?post=7523"},{"taxonomy":"post_tag","embeddable":true,"href":"http:\/\/jsdacores.pt\/front\/wp-json\/wp\/v2\/tags?post=7523"}],"curies":[{"name":"wp","href":"https:\/\/api.w.org\/{rel}","templated":true}]}}